{"id":12057,"date":"2024-03-27T12:43:46","date_gmt":"2024-03-27T11:43:46","guid":{"rendered":"https:\/\/base.milano.it\/?p=12057"},"modified":"2024-07-10T11:39:57","modified_gmt":"2024-07-10T09:39:57","slug":"echoes-of-tomorrow-academy-of-fine-arts-and-design-university-of-ljubljana","status":"publish","type":"post","link":"https:\/\/base.milano.it\/en\/echoes-of-tomorrow-academy-of-fine-arts-and-design-university-of-ljubljana\/","title":{"rendered":"Echoes of Tomorrow\u00a0\u00a0\u2014 \u00a0Academy of Fine Arts and Design, University of Ljubljana\u00a0"},"content":{"rendered":"\n<p style=\"font-size:21px\">This installation engages in critical discourse on the environmental and social repercussions. The selected case study, Dodola, a master&#8217;s project by the Pjorkkala group, exemplifies how the acquired knowledge from the academic process can accumulate into a top-tier response to pressing sustainability issues.&nbsp;<\/p>\n\n\n\n<p style=\"font-size:18px\">&nbsp;<\/p>\n\n\n\n<hr class=\"wp-block-separator has-alpha-channel-opacity\"\/>\n\n\n\n<div style=\"height:30px\" aria-hidden=\"true\" class=\"wp-block-spacer\"><\/div>\n\n\n\n<p style=\"font-size:18px\">IN PARTHERSHIP WITH<br><br>Republic of Slovenia, Ministry of Higher Education, Science and Innovation and European Union \u2013 NextGenerationEU<br><br>University of Ljubljana:<br>\u2014 Academy of Fine Arts and Design<br>\u2014 Faculty of Arts<br>\u2014 Faculty of Education<br>\u2014 Faculty of Electrical Engineering<br><br>Museum of Architecture and Design<\/p>\n\n\n\n<hr class=\"wp-block-separator has-alpha-channel-opacity\"\/>\n\n\n\n<div style=\"height:30px\" aria-hidden=\"true\" class=\"wp-block-spacer\"><\/div>\n\n\n\n<p style=\"font-size:18px\">CREDITS<br><br>STUDENTS AND MENTORS FROM INDUSTRIAL DESIGN AND GRAPHIC DESIGN COURSE AND PJORKKALA STUDENTS<br>Zoja \u010cepin Hana Jelov\u0161ek Domen Klinc Jure Kralj Ma\u0161a Kralj Andrija Mihailovi\u0107 Gal Snajder \u010crt \u0160trubelj Pjorkkala: \u017dan Girandon Pia Groleger Luka Pleskovi\u010d <br><br>Professors: Janez Mesari\u010d, Jure Miklavc, Barbara Predan, Roman Ra\u017eman<br><br>Photo courtesy of Jure Miklavc<\/p>\n\n\n\n<hr class=\"wp-block-separator has-alpha-channel-opacity\"\/>\n\n\n\n<div style=\"height:30px\" aria-hidden=\"true\" class=\"wp-block-spacer\"><\/div>\n\n\n\n<p style=\"font-size:18px\">BIO<br><br><strong>The Academy of Fine Arts and Design<\/strong> is the oldest educational and research institution in Slovenia in the field of art and design, and is a member of the University of Ljubljana. Over the years, advanced programs in the fields of art and design have been developed at the Academy, which are committed to social and environmental justice and are designed with an emphasis on individual work with students.<br><br><strong>Pjorkkala<\/strong> is a group of masters from the Industrial Design program at the Academy of Fine Arts and Design, University of Ljubljana. Within three years of its establishment, they have firmly established themselves as designers committed to sustainability with an experimental approach. Their achievements have been recognized with international awards.<\/p>\n","protected":false},"excerpt":{"rendered":"<p>This installation engages in critical discourse on the environmental and social repercussions. The selected case study, Dodola, a master&#8217;s project by the Pjorkkala group, exemplifies how the acquired knowledge from the academic process can accumulate into a top-tier response to pressing sustainability issues.&nbsp; &nbsp; IN PARTHERSHIP WITH Republic of Slovenia, Ministry of Higher Education, Science and Innovation and European Union [&hellip;]<\/p>\n","protected":false},"author":3,"featured_media":12162,"comment_status":"closed","ping_status":"closed","sticky":false,"template":"","format":"standard","meta":{"_acf_changed":false,"footnotes":""},"categories":[94,95],"tags":[103],"class_list":["post-12057","post","type-post","status-publish","format-standard","has-post-thumbnail","hentry","category-design-en","category-wewilldesign-en","tag-design-2"],"acf":[],"yoast_head":"<!-- This site is optimized with the Yoast SEO plugin v24.8.1 - https:\/\/yoast.com\/wordpress\/plugins\/seo\/ -->\n<title>Echoes of Tomorrow\u00a0\u00a0\u2014 \u00a0Academy of Fine Arts and Design, University of Ljubljana\u00a0 - BASE Milano<\/title>\n<meta name=\"robots\" content=\"index, follow, max-snippet:-1, max-image-preview:large, max-video-preview:-1\" \/>\n<link rel=\"canonical\" href=\"https:\/\/base.milano.it\/en\/echoes-of-tomorrow-academy-of-fine-arts-and-design-university-of-ljubljana\/\" \/>\n<meta property=\"og:locale\" content=\"en_US\" \/>\n<meta property=\"og:type\" content=\"article\" \/>\n<meta property=\"og:title\" content=\"Echoes of Tomorrow\u00a0\u00a0\u2014 \u00a0Academy of Fine Arts and Design, University of Ljubljana\u00a0 - BASE Milano\" \/>\n<meta property=\"og:description\" content=\"This installation engages in critical discourse on the environmental and social repercussions. The selected case study, Dodola, a master&#8217;s project by the Pjorkkala group, exemplifies how the acquired knowledge from the academic process can accumulate into a top-tier response to pressing sustainability issues.&nbsp; &nbsp; IN PARTHERSHIP WITH Republic of Slovenia, Ministry of Higher Education, Science and Innovation and European Union [&hellip;]\" \/>\n<meta property=\"og:url\" content=\"https:\/\/base.milano.it\/en\/echoes-of-tomorrow-academy-of-fine-arts-and-design-university-of-ljubljana\/\" \/>\n<meta property=\"og:site_name\" content=\"BASE Milano\" \/>\n<meta property=\"article:author\" content=\"https:\/\/www.facebook.com\/BaseMilano.aplaceforculturalprogress\/about\" \/>\n<meta property=\"article:published_time\" content=\"2024-03-27T11:43:46+00:00\" \/>\n<meta property=\"article:modified_time\" content=\"2024-07-10T09:39:57+00:00\" \/>\n<meta property=\"og:image\" content=\"https:\/\/www.base.milano.it\/wp-content\/uploads\/3-close_up_3-Jure-Miklavc-683x1024.jpg\" \/>\n\t<meta property=\"og:image:width\" content=\"683\" \/>\n\t<meta property=\"og:image:height\" content=\"1024\" \/>\n\t<meta property=\"og:image:type\" content=\"image\/jpeg\" \/>\n<meta name=\"author\" content=\"BASE Milano\" \/>\n<meta name=\"twitter:card\" content=\"summary_large_image\" \/>\n<meta name=\"twitter:label1\" content=\"Written by\" \/>\n\t<meta name=\"twitter:data1\" content=\"BASE Milano\" \/>\n\t<meta name=\"twitter:label2\" content=\"Est. reading time\" \/>\n\t<meta name=\"twitter:data2\" content=\"2 minutes\" \/>\n<script type=\"application\/ld+json\" class=\"yoast-schema-graph\">{\"@context\":\"https:\/\/schema.org\",\"@graph\":[{\"@type\":\"WebPage\",\"@id\":\"https:\/\/base.milano.it\/en\/echoes-of-tomorrow-academy-of-fine-arts-and-design-university-of-ljubljana\/\",\"url\":\"https:\/\/base.milano.it\/en\/echoes-of-tomorrow-academy-of-fine-arts-and-design-university-of-ljubljana\/\",\"name\":\"Echoes of Tomorrow\u00a0\u00a0\u2014 \u00a0Academy of Fine Arts and Design, University of Ljubljana\u00a0 - BASE Milano\",\"isPartOf\":{\"@id\":\"https:\/\/prelive.base.milano.it\/en\/#website\"},\"primaryImageOfPage\":{\"@id\":\"https:\/\/base.milano.it\/en\/echoes-of-tomorrow-academy-of-fine-arts-and-design-university-of-ljubljana\/#primaryimage\"},\"image\":{\"@id\":\"https:\/\/base.milano.it\/en\/echoes-of-tomorrow-academy-of-fine-arts-and-design-university-of-ljubljana\/#primaryimage\"},\"thumbnailUrl\":\"https:\/\/base.milano.it\/wp-content\/uploads\/3-close_up_3-Jure-Miklavc.jpg\",\"datePublished\":\"2024-03-27T11:43:46+00:00\",\"dateModified\":\"2024-07-10T09:39:57+00:00\",\"author\":{\"@id\":\"https:\/\/prelive.base.milano.it\/en\/#\/schema\/person\/a62a2b618805e86208dca81952a8be5b\"},\"breadcrumb\":{\"@id\":\"https:\/\/base.milano.it\/en\/echoes-of-tomorrow-academy-of-fine-arts-and-design-university-of-ljubljana\/#breadcrumb\"},\"inLanguage\":\"en-US\",\"potentialAction\":[{\"@type\":\"ReadAction\",\"target\":[\"https:\/\/base.milano.it\/en\/echoes-of-tomorrow-academy-of-fine-arts-and-design-university-of-ljubljana\/\"]}]},{\"@type\":\"ImageObject\",\"inLanguage\":\"en-US\",\"@id\":\"https:\/\/base.milano.it\/en\/echoes-of-tomorrow-academy-of-fine-arts-and-design-university-of-ljubljana\/#primaryimage\",\"url\":\"https:\/\/base.milano.it\/wp-content\/uploads\/3-close_up_3-Jure-Miklavc.jpg\",\"contentUrl\":\"https:\/\/base.milano.it\/wp-content\/uploads\/3-close_up_3-Jure-Miklavc.jpg\",\"width\":3264,\"height\":4896},{\"@type\":\"BreadcrumbList\",\"@id\":\"https:\/\/base.milano.it\/en\/echoes-of-tomorrow-academy-of-fine-arts-and-design-university-of-ljubljana\/#breadcrumb\",\"itemListElement\":[{\"@type\":\"ListItem\",\"position\":1,\"name\":\"Home\",\"item\":\"https:\/\/base.milano.it\/en\/homepage\/\"},{\"@type\":\"ListItem\",\"position\":2,\"name\":\"Echoes of Tomorrow\u00a0\u00a0\u2014 \u00a0Academy of Fine Arts and Design, University of Ljubljana\u00a0\"}]},{\"@type\":\"WebSite\",\"@id\":\"https:\/\/prelive.base.milano.it\/en\/#website\",\"url\":\"https:\/\/prelive.base.milano.it\/en\/\",\"name\":\"BASE Milano\",\"description\":\"\",\"potentialAction\":[{\"@type\":\"SearchAction\",\"target\":{\"@type\":\"EntryPoint\",\"urlTemplate\":\"https:\/\/prelive.base.milano.it\/en\/?s={search_term_string}\"},\"query-input\":{\"@type\":\"PropertyValueSpecification\",\"valueRequired\":true,\"valueName\":\"search_term_string\"}}],\"inLanguage\":\"en-US\"},{\"@type\":\"Person\",\"@id\":\"https:\/\/prelive.base.milano.it\/en\/#\/schema\/person\/a62a2b618805e86208dca81952a8be5b\",\"name\":\"BASE Milano\",\"image\":{\"@type\":\"ImageObject\",\"inLanguage\":\"en-US\",\"@id\":\"https:\/\/prelive.base.milano.it\/en\/#\/schema\/person\/image\/\",\"url\":\"https:\/\/secure.gravatar.com\/avatar\/881cab54ce0dbe35fff2c7dc155b50f6?s=96&d=mm&r=g\",\"contentUrl\":\"https:\/\/secure.gravatar.com\/avatar\/881cab54ce0dbe35fff2c7dc155b50f6?s=96&d=mm&r=g\",\"caption\":\"BASE Milano\"},\"sameAs\":[\"https:\/\/www.facebook.com\/BaseMilano.aplaceforculturalprogress\/about\",\"http:\/\/instagram.com\/base_milano\/\",\"https:\/\/www.linkedin.com\/company\/10390417\/\"],\"url\":\"https:\/\/base.milano.it\/en\/author\/bm_gestione\/\"}]}<\/script>\n<!-- \/ Yoast SEO plugin. -->","yoast_head_json":{"title":"Echoes of Tomorrow\u00a0\u00a0\u2014 \u00a0Academy of Fine Arts and Design, University of Ljubljana\u00a0 - BASE Milano","robots":{"index":"index","follow":"follow","max-snippet":"max-snippet:-1","max-image-preview":"max-image-preview:large","max-video-preview":"max-video-preview:-1"},"canonical":"https:\/\/base.milano.it\/en\/echoes-of-tomorrow-academy-of-fine-arts-and-design-university-of-ljubljana\/","og_locale":"en_US","og_type":"article","og_title":"Echoes of Tomorrow\u00a0\u00a0\u2014 \u00a0Academy of Fine Arts and Design, University of Ljubljana\u00a0 - BASE Milano","og_description":"This installation engages in critical discourse on the environmental and social repercussions. The selected case study, Dodola, a master&#8217;s project by the Pjorkkala group, exemplifies how the acquired knowledge from the academic process can accumulate into a top-tier response to pressing sustainability issues.&nbsp; &nbsp; IN PARTHERSHIP WITH Republic of Slovenia, Ministry of Higher Education, Science and Innovation and European Union [&hellip;]","og_url":"https:\/\/base.milano.it\/en\/echoes-of-tomorrow-academy-of-fine-arts-and-design-university-of-ljubljana\/","og_site_name":"BASE Milano","article_author":"https:\/\/www.facebook.com\/BaseMilano.aplaceforculturalprogress\/about","article_published_time":"2024-03-27T11:43:46+00:00","article_modified_time":"2024-07-10T09:39:57+00:00","og_image":[{"width":683,"height":1024,"url":"https:\/\/www.base.milano.it\/wp-content\/uploads\/3-close_up_3-Jure-Miklavc-683x1024.jpg","type":"image\/jpeg"}],"author":"BASE Milano","twitter_card":"summary_large_image","twitter_misc":{"Written by":"BASE Milano","Est. reading time":"2 minutes"},"schema":{"@context":"https:\/\/schema.org","@graph":[{"@type":"WebPage","@id":"https:\/\/base.milano.it\/en\/echoes-of-tomorrow-academy-of-fine-arts-and-design-university-of-ljubljana\/","url":"https:\/\/base.milano.it\/en\/echoes-of-tomorrow-academy-of-fine-arts-and-design-university-of-ljubljana\/","name":"Echoes of Tomorrow\u00a0\u00a0\u2014 \u00a0Academy of Fine Arts and Design, University of Ljubljana\u00a0 - BASE Milano","isPartOf":{"@id":"https:\/\/prelive.base.milano.it\/en\/#website"},"primaryImageOfPage":{"@id":"https:\/\/base.milano.it\/en\/echoes-of-tomorrow-academy-of-fine-arts-and-design-university-of-ljubljana\/#primaryimage"},"image":{"@id":"https:\/\/base.milano.it\/en\/echoes-of-tomorrow-academy-of-fine-arts-and-design-university-of-ljubljana\/#primaryimage"},"thumbnailUrl":"https:\/\/base.milano.it\/wp-content\/uploads\/3-close_up_3-Jure-Miklavc.jpg","datePublished":"2024-03-27T11:43:46+00:00","dateModified":"2024-07-10T09:39:57+00:00","author":{"@id":"https:\/\/prelive.base.milano.it\/en\/#\/schema\/person\/a62a2b618805e86208dca81952a8be5b"},"breadcrumb":{"@id":"https:\/\/base.milano.it\/en\/echoes-of-tomorrow-academy-of-fine-arts-and-design-university-of-ljubljana\/#breadcrumb"},"inLanguage":"en-US","potentialAction":[{"@type":"ReadAction","target":["https:\/\/base.milano.it\/en\/echoes-of-tomorrow-academy-of-fine-arts-and-design-university-of-ljubljana\/"]}]},{"@type":"ImageObject","inLanguage":"en-US","@id":"https:\/\/base.milano.it\/en\/echoes-of-tomorrow-academy-of-fine-arts-and-design-university-of-ljubljana\/#primaryimage","url":"https:\/\/base.milano.it\/wp-content\/uploads\/3-close_up_3-Jure-Miklavc.jpg","contentUrl":"https:\/\/base.milano.it\/wp-content\/uploads\/3-close_up_3-Jure-Miklavc.jpg","width":3264,"height":4896},{"@type":"BreadcrumbList","@id":"https:\/\/base.milano.it\/en\/echoes-of-tomorrow-academy-of-fine-arts-and-design-university-of-ljubljana\/#breadcrumb","itemListElement":[{"@type":"ListItem","position":1,"name":"Home","item":"https:\/\/base.milano.it\/en\/homepage\/"},{"@type":"ListItem","position":2,"name":"Echoes of Tomorrow\u00a0\u00a0\u2014 \u00a0Academy of Fine Arts and Design, University of Ljubljana\u00a0"}]},{"@type":"WebSite","@id":"https:\/\/prelive.base.milano.it\/en\/#website","url":"https:\/\/prelive.base.milano.it\/en\/","name":"BASE Milano","description":"","potentialAction":[{"@type":"SearchAction","target":{"@type":"EntryPoint","urlTemplate":"https:\/\/prelive.base.milano.it\/en\/?s={search_term_string}"},"query-input":{"@type":"PropertyValueSpecification","valueRequired":true,"valueName":"search_term_string"}}],"inLanguage":"en-US"},{"@type":"Person","@id":"https:\/\/prelive.base.milano.it\/en\/#\/schema\/person\/a62a2b618805e86208dca81952a8be5b","name":"BASE Milano","image":{"@type":"ImageObject","inLanguage":"en-US","@id":"https:\/\/prelive.base.milano.it\/en\/#\/schema\/person\/image\/","url":"https:\/\/secure.gravatar.com\/avatar\/881cab54ce0dbe35fff2c7dc155b50f6?s=96&d=mm&r=g","contentUrl":"https:\/\/secure.gravatar.com\/avatar\/881cab54ce0dbe35fff2c7dc155b50f6?s=96&d=mm&r=g","caption":"BASE Milano"},"sameAs":["https:\/\/www.facebook.com\/BaseMilano.aplaceforculturalprogress\/about","http:\/\/instagram.com\/base_milano\/","https:\/\/www.linkedin.com\/company\/10390417\/"],"url":"https:\/\/base.milano.it\/en\/author\/bm_gestione\/"}]}},"_links":{"self":[{"href":"https:\/\/base.milano.it\/en\/wp-json\/wp\/v2\/posts\/12057"}],"collection":[{"href":"https:\/\/base.milano.it\/en\/wp-json\/wp\/v2\/posts"}],"about":[{"href":"https:\/\/base.milano.it\/en\/wp-json\/wp\/v2\/types\/post"}],"author":[{"embeddable":true,"href":"https:\/\/base.milano.it\/en\/wp-json\/wp\/v2\/users\/3"}],"replies":[{"embeddable":true,"href":"https:\/\/base.milano.it\/en\/wp-json\/wp\/v2\/comments?post=12057"}],"version-history":[{"count":8,"href":"https:\/\/base.milano.it\/en\/wp-json\/wp\/v2\/posts\/12057\/revisions"}],"predecessor-version":[{"id":17011,"href":"https:\/\/base.milano.it\/en\/wp-json\/wp\/v2\/posts\/12057\/revisions\/17011"}],"wp:featuredmedia":[{"embeddable":true,"href":"https:\/\/base.milano.it\/en\/wp-json\/wp\/v2\/media\/12162"}],"wp:attachment":[{"href":"https:\/\/base.milano.it\/en\/wp-json\/wp\/v2\/media?parent=12057"}],"wp:term":[{"taxonomy":"category","embeddable":true,"href":"https:\/\/base.milano.it\/en\/wp-json\/wp\/v2\/categories?post=12057"},{"taxonomy":"post_tag","embeddable":true,"href":"https:\/\/base.milano.it\/en\/wp-json\/wp\/v2\/tags?post=12057"}],"curies":[{"name":"wp","href":"https:\/\/api.w.org\/{rel}","templated":true}]}}